{"id":4916,"date":"2026-04-01T15:42:18","date_gmt":"2026-04-01T15:42:18","guid":{"rendered":"https:\/\/depotmtl.org\/community-organizations-mobilizing\/"},"modified":"2026-04-01T15:59:52","modified_gmt":"2026-04-01T15:59:52","slug":"organismes-communautaures-mobilisent","status":"publish","type":"post","link":"https:\/\/depotmtl.org\/fr\/organismes-communautaures-mobilisent\/","title":{"rendered":"Pourquoi les organismes communautaires se mobilisent \u2014 et pourquoi c\u2019est important"},"content":{"rendered":"\n<p>Du <strong>23 mars au 2 avril<\/strong>, des organismes communautaires partout au Qu\u00e9bec se mobilisent pour mettre en lumi\u00e8re une r\u00e9alit\u00e9 \u00e0 laquelle ils font face depuis des ann\u00e9es : le sous-financement chronique.<\/p>\n\n\n\n<p>Chaque semaine, plus de personnes et de familles peinent \u00e0 r\u00e9pondre \u00e0 leurs besoins de base. Alors que le co\u00fbt de la vie continue d\u2019augmenter et que les salaires et les politiques publiques ne suivent pas le rythme, de plus en plus de gens se tournent vers des organismes comme le n\u00f4tre pour obtenir du soutien.<\/p>\n\n\n\n<p>Parall\u00e8lement, ce travail essentiel repose sur un financement \u00e0 la fois insuffisant et impr\u00e9visible. Au D\u00e9p\u00f4t, le financement public ne repr\u00e9sente que 14 % de notre budget annuel, bien loin de ce qui est n\u00e9cessaire pour soutenir cette mission.<\/p>\n\n\n\n<div style=\"height:5px\" aria-hidden=\"true\" class=\"wp-block-spacer\"><\/div>\n\n\n\n<h3 class=\"wp-block-heading has-text-color has-link-color wp-elements-d881cf3c16a7b82249cf36360e4accc9\" style=\"color:#006f5a\"><strong>Passer <\/strong>\u00e0 l&rsquo;action ensemble<\/h3>\n\n\n\n<p>En solidarit\u00e9 avec 1 600 organismes \u00e0 travers la province, le D\u00e9p\u00f4t a organis\u00e9 une campagne de r\u00e9daction de lettres afin de faire entendre les voix de la communaut\u00e9.<\/p>\n\n\n\n<figure class=\"wp-block-pullquote has-text-align-center has-medium-font-size\" style=\"padding-top:0px;padding-right:0px;padding-bottom:0px;padding-left:0px\"><blockquote><p><em>\u00ab<\/em> <em>La mobilisation a \u00e9t\u00e9 inspirante. Des partenaires communautaires et des citoyen\u00b7ne\u00b7s engag\u00e9\u00b7e\u00b7s sont venu\u00b7e\u00b7s tout au long de la semaine pour signer des lettres. Certain\u00b7e\u00b7s en ont emport\u00e9 des copies pour les partager au sein de leurs associations de locataires et groupes de d\u00e9fense des droits. D\u2019autres ont pris le temps d\u2019y ajouter leurs propres exp\u00e9riences et perspectives. Chaque lettre est devenue un t\u00e9moignage des r\u00e9alit\u00e9s v\u00e9cues par nos communaut\u00e9s et de l\u2019impact du sous-financement chronique sur les services essentiels offerts chaque jour.<\/em> \u00bb<\/p><\/blockquote><\/figure>\n\n\n\n<p class=\"has-text-align-center\"><strong>\u2014 Rachel Schleifer, Coordonnatrice de projet \u2013 Plaidoyer et engagement <\/strong><\/p>\n\n\n\n<figure class=\"wp-block-image aligncenter size-full is-resized\"><img fetchpriority=\"high\" decoding=\"async\" width=\"700\" height=\"500\" src=\"https:\/\/depotmtl.org\/wp-content\/uploads\/Handing-Strike-Letters.png\" alt=\"\" class=\"wp-image-4902\" style=\"aspect-ratio:1.7777777777777777;object-fit:cover;width:800px;height:auto\" srcset=\"https:\/\/depotmtl.org\/wp-content\/uploads\/Handing-Strike-Letters.png 700w, https:\/\/depotmtl.org\/wp-content\/uploads\/Handing-Strike-Letters-300x214.png 300w\" sizes=\"(max-width: 700px) 100vw, 700px\" \/><\/figure>\n\n\n\n<p>\u00c0 la fin de la semaine, nous avons remis en main propre 60 lettres \u00e0 notre d\u00e9put\u00e9e, D\u00e9sir\u00e9e McGraw, aux c\u00f4t\u00e9s de partenaires comme l&rsquo;Eva Marsden Centre, Women on the Rise, Logis-Action et le CJE NDG.<\/p>\n\n\n\n<div style=\"height:5px\" aria-hidden=\"true\" class=\"wp-block-spacer\"><\/div>\n\n\n\n<h3 class=\"wp-block-heading has-text-color has-link-color wp-elements-4781c4f33a0ae30a58268873d6f231ca\" style=\"color:#006f5a\"><strong>Un appel au changement<\/strong><\/h3>\n\n\n\n<p>Bien que nos missions diff\u00e8rent (de la s\u00e9curit\u00e9 alimentaire au logement, en passant par l\u2019emploi et le soutien aux femmes, aux familles et aux a\u00een\u00e9\u00b7e\u00b7s), nous partageons un engagement commun : prendre soin de notre communaut\u00e9 et en pr\u00e9server la dignit\u00e9.<\/p>\n\n\n\n<p>Notre message est clair : nous avons besoin d\u2019investissements publics accrus d\u00e8s maintenant, ainsi que de changements structurels \u00e0 long terme. Le co\u00fbt de la vie doit devenir plus abordable, les revenus doivent refl\u00e9ter les r\u00e9alit\u00e9s v\u00e9cues, et les mesures de soutien doivent permettre aux personnes non seulement de survivre, mais de s\u2019\u00e9panouir.<\/p>\n\n\n\n<p>Les organismes communautaires sont au c\u0153ur du tissu social qu\u00e9b\u00e9cois. Lorsqu\u2019ils disposent des ressources n\u00e9cessaires, ce sont des communaut\u00e9s enti\u00e8res qui deviennent plus fortes, en meilleure sant\u00e9 et plus r\u00e9silientes.<\/p>\n\n\n\n<div style=\"height:5px\" aria-hidden=\"true\" class=\"wp-block-spacer\"><\/div>\n\n\n\n<h3 class=\"wp-block-heading has-text-color has-link-color wp-elements-6daf56c298c3326d9c4e60b5db6d6a67\" style=\"color:#006f5a\"><strong>Passez \u00e0 l&rsquo;action<\/strong><\/h3>\n\n\n\n<div class=\"wp-block-buttons is-layout-flex wp-block-buttons-is-layout-flex\">\n<div class=\"wp-block-button\"><a class=\"wp-block-button__link has-white-color has-text-color has-background has-link-color has-border-color wp-element-button\" href=\"https:\/\/drive.google.com\/file\/d\/1664ZKrPtY4WbEsm4gH9RFI-JVZt6mGcF\/view\" style=\"border-color:#d76953;border-width:2px;border-top-left-radius:8px;border-top-right-radius:8px;border-bottom-left-radius:8px;border-bottom-right-radius:8px;background-color:#d76953\" target=\"_blank\" rel=\"noreferrer noopener\">\u00a0\u00c9crivez \u00e0 nos repr\u00e9sentant\u00b7e\u00b7s \u00e9lu\u00b7e\u00b7s<\/a><\/div>\n\n\n\n<div class=\"wp-block-button\"><a class=\"wp-block-button__link has-white-color has-text-color has-background has-link-color has-border-color wp-element-button\" href=\"https:\/\/mailchi.mp\/depotmtl.org\/mobilisation-secteur-communautaire\" style=\"border-color:#006f5a;border-width:2px;border-top-left-radius:8px;border-top-right-radius:8px;border-bottom-left-radius:8px;border-bottom-right-radius:8px;background-color:#006f5a\" target=\"_blank\" rel=\"noreferrer noopener\">Lire  la lettre ouverte du D\u00e9p\u00f4t<\/a><\/div>\n\n\n\n<div class=\"wp-block-button\"><a class=\"wp-block-button__link has-white-background-color has-text-color has-background has-link-color has-border-color wp-element-button\" href=\"https:\/\/depotmtl.org\/fr\/agir-ensemble\/\" style=\"border-color:#d76953;border-width:2px;border-top-left-radius:8px;border-top-right-radius:8px;border-bottom-left-radius:8px;border-bottom-right-radius:8px;color:#d76953\">Joignez-vous \u00e0 notre comit\u00e9 de justice sociale<\/a><\/div>\n<\/div>\n\n\n\n<p><a href=\"https:\/\/depotmtl.org\/fr\/faconner-la-communaute-un-bol-a-la-fois\/\" target=\"_blank\" rel=\"noreferrer noopener\"><\/a><\/p>\n\n\n\n<p><\/p>\n","protected":false},"excerpt":{"rendered":"<p>Du 23 mars au 2 avril, des organismes communautaires partout au Qu\u00e9bec se mobilisent pour mettre en lumi\u00e8re une r\u00e9alit\u00e9 \u00e0 laquelle ils font face depuis des ann\u00e9es : le sous-financement chronique. En solidarit\u00e9 avec 1 600 organismes \u00e0 travers la province, le D\u00e9p\u00f4t a organis\u00e9 une campagne de r\u00e9daction de lettres afin de faire entendre les voix de la communaut\u00e9.<\/p>\n","protected":false},"author":6,"featured_media":4917,"comment_status":"closed","ping_status":"closed","sticky":false,"template":"","format":"standard","meta":{"footnotes":""},"categories":[59,65,36],"tags":[55,48,39],"class_list":["post-4916","post","type-post","status-publish","format-standard","has-post-thumbnail","hentry","category-campagnes","category-campaigns","category-impact","tag-mobiliser","tag-partenariats","tag-plaidoyer"],"aioseo_notices":[],"_links":{"self":[{"href":"https:\/\/depotmtl.org\/fr\/wp-json\/wp\/v2\/posts\/4916","targetHints":{"allow":["GET"]}}],"collection":[{"href":"https:\/\/depotmtl.org\/fr\/wp-json\/wp\/v2\/posts"}],"about":[{"href":"https:\/\/depotmtl.org\/fr\/wp-json\/wp\/v2\/types\/post"}],"author":[{"embeddable":true,"href":"https:\/\/depotmtl.org\/fr\/wp-json\/wp\/v2\/users\/6"}],"replies":[{"embeddable":true,"href":"https:\/\/depotmtl.org\/fr\/wp-json\/wp\/v2\/comments?post=4916"}],"version-history":[{"count":1,"href":"https:\/\/depotmtl.org\/fr\/wp-json\/wp\/v2\/posts\/4916\/revisions"}],"predecessor-version":[{"id":4920,"href":"https:\/\/depotmtl.org\/fr\/wp-json\/wp\/v2\/posts\/4916\/revisions\/4920"}],"wp:featuredmedia":[{"embeddable":true,"href":"https:\/\/depotmtl.org\/fr\/wp-json\/wp\/v2\/media\/4917"}],"wp:attachment":[{"href":"https:\/\/depotmtl.org\/fr\/wp-json\/wp\/v2\/media?parent=4916"}],"wp:term":[{"taxonomy":"category","embeddable":true,"href":"https:\/\/depotmtl.org\/fr\/wp-json\/wp\/v2\/categories?post=4916"},{"taxonomy":"post_tag","embeddable":true,"href":"https:\/\/depotmtl.org\/fr\/wp-json\/wp\/v2\/tags?post=4916"}],"curies":[{"name":"wp","href":"https:\/\/api.w.org\/{rel}","templated":true}]}}