{"id":7277,"date":"2026-07-01T01:02:54","date_gmt":"2026-07-01T01:02:54","guid":{"rendered":"https:\/\/depotmtl.org\/social-justice-committee-meetings\/"},"modified":"2026-08-31T16:21:05","modified_gmt":"2026-08-31T16:21:05","slug":"rencontres-comite-de-justice-sociale","status":"publish","type":"post","link":"https:\/\/depotmtl.org\/fr\/rencontres-comite-de-justice-sociale\/","title":{"rendered":"Rencontre du comit\u00e9 de justice sociale"},"content":{"rendered":"\n<p class=\"wp-block-paragraph\">Le Comit\u00e9 de justice sociale est un comit\u00e9 citoyen ouvert \u00e0 toutes et \u00e0 tous, qui se r\u00e9unit mensuellement pour explorer comment les in\u00e9galit\u00e9s se vivent \u00e0 NDG et pour agir ensemble. \u00c0 travers les discussions, l\u2019apprentissage et l\u2019organisation collective, les membres approfondissent leur compr\u00e9hension des syst\u00e8mes qui alimentent la pauvret\u00e9 et l\u2019ins\u00e9curit\u00e9 alimentaire et d\u00e9veloppent des solutions collectives pour transformer ces syst\u00e8mes.<\/p>\n\n\n\n<p class=\"wp-block-paragraph\"><strong>Date : <\/strong>le mercredi 23 septembre, 2026<\/p>\n\n\n\n<p class=\"wp-block-paragraph\"><strong>Heure :<\/strong>&nbsp;15 h 30 \u00e0 17 h 30<\/p>\n\n\n\n<p class=\"wp-block-paragraph\"><strong>Lieu :<\/strong> <\/p>\n\n\n\n<p class=\"wp-block-paragraph\">En personne : l&rsquo;espace de programmation du D\u00e9p\u00f4t, 6450 av. Somerled (\u267f\ufe0f\u00a0accessible en fauteuil roulant)<\/p>\n\n\n\n<p class=\"has-link-color wp-elements-1ad505678a4eaff0dab64773694177e6 wp-block-paragraph\">En ligne : option de nous rejoindre virtuellement <a href=\"http:\/\/meet.google.com\/mkj-moku-ypd\" target=\"_blank\" rel=\"noopener\" title=\"\">ici<\/a><\/p>\n\n\n\n<div style=\"height:12px\" aria-hidden=\"true\" class=\"wp-block-spacer\"><\/div>\n\n\n\n<div class=\"wp-block-buttons is-layout-flex wp-block-buttons-is-layout-flex\">\n<div class=\"wp-block-button\"><a class=\"wp-block-button__link has-background wp-element-button\" href=\"https:\/\/form.jotform.com\/ndgfooddepot\/comite-justice-sociale\" style=\"border-top-left-radius:7px;border-top-right-radius:7px;border-bottom-left-radius:7px;border-bottom-right-radius:7px;background-color:#d76953\" target=\"_blank\" rel=\"noreferrer noopener\">RSVP ici<\/a><\/div>\n\n\n\n<div class=\"wp-block-button\"><a class=\"wp-block-button__link has-background wp-element-button\" href=\"https:\/\/meet.google.com\/mkj-moku-ypd\" style=\"border-top-left-radius:7px;border-top-right-radius:7px;border-bottom-left-radius:7px;border-bottom-right-radius:7px;background-color:#006f5a\" target=\"_blank\" rel=\"noreferrer noopener\">Lien de r\u00e9union virtuelle<\/a><\/div>\n<\/div>\n\n\n\n<p class=\"wp-block-paragraph\"><\/p>\n","protected":false},"excerpt":{"rendered":"<p>Le Comit\u00e9 de justice sociale est un comit\u00e9 citoyen ouvert \u00e0 toutes et \u00e0 tous, qui se r\u00e9unit mensuellement pour explorer comment les in\u00e9galit\u00e9s se vivent \u00e0 NDG et pour agir ensemble. <\/p>\n","protected":false},"author":6,"featured_media":8387,"comment_status":"open","ping_status":"closed","sticky":false,"template":"","format":"standard","meta":{"wprm-recipe-roundup-name":"","wprm-recipe-roundup-description":"","footnotes":""},"categories":[42],"tags":[55,67,39],"class_list":["post-7277","post","type-post","status-publish","format-standard","has-post-thumbnail","hentry","category-event","tag-mobiliser","tag-mobilize","tag-plaidoyer"],"aioseo_notices":[],"aioseo_head":"\n\t\t<!-- All in One SEO 5.0.0.1 - aioseo.com -->\n\t<meta name=\"description\" content=\"Le Comit\u00e9 de justice sociale est un comit\u00e9 citoyen ouvert \u00e0 toutes et \u00e0 tous, qui se r\u00e9unit mensuellement pour explorer comment les in\u00e9galit\u00e9s se vivent \u00e0 NDG et pour agir ensemble.\" \/>\n\t<meta name=\"robots\" content=\"max-image-preview:large\" \/>\n\t<meta name=\"author\" content=\"communications\"\/>\n\t<link rel=\"canonical\" href=\"https:\/\/depotmtl.org\/fr\/rencontres-comite-de-justice-sociale\/\" \/>\n\t<meta name=\"generator\" content=\"All in One SEO (AIOSEO) 5.0.0.1\" \/>\n\t\t<meta property=\"og:locale\" content=\"fr_FR\" \/>\n\t\t<meta property=\"og:site_name\" content=\"Depot Community Food Centre -\" \/>\n\t\t<meta property=\"og:type\" content=\"article\" \/>\n\t\t<meta property=\"og:title\" content=\"Rencontre du comit\u00e9 de justice sociale - Depot Community Food Centre\" \/>\n\t\t<meta property=\"og:description\" content=\"Le Comit\u00e9 de justice sociale est un comit\u00e9 citoyen ouvert \u00e0 toutes et \u00e0 tous, qui se r\u00e9unit mensuellement pour explorer comment les in\u00e9galit\u00e9s se vivent \u00e0 NDG et pour agir ensemble.\" \/>\n\t\t<meta property=\"og:url\" content=\"https:\/\/depotmtl.org\/fr\/rencontres-comite-de-justice-sociale\/\" \/>\n\t\t<meta property=\"article:published_time\" content=\"2026-07-01T01:02:54+00:00\" \/>\n\t\t<meta property=\"article:modified_time\" content=\"2026-08-31T16:21:05+00:00\" \/>\n\t\t<meta name=\"twitter:card\" content=\"summary_large_image\" \/>\n\t\t<meta name=\"twitter:title\" content=\"Rencontre du comit\u00e9 de justice sociale - Depot Community Food Centre\" \/>\n\t\t<meta name=\"twitter:description\" content=\"Le Comit\u00e9 de justice sociale est un comit\u00e9 citoyen ouvert \u00e0 toutes et \u00e0 tous, qui se r\u00e9unit mensuellement pour explorer comment les in\u00e9galit\u00e9s se vivent \u00e0 NDG et pour agir ensemble.\" \/>\n\t\t<script type=\"application\/ld+json\" class=\"aioseo-schema\">\n\t\t\t{\"@context\":\"https:\\\/\\\/schema.org\",\"@graph\":[{\"@type\":\"BlogPosting\",\"@id\":\"https:\\\/\\\/depotmtl.org\\\/fr\\\/rencontres-comite-de-justice-sociale\\\/#blogposting\",\"name\":\"Rencontre du comit\\u00e9 de justice sociale - Depot Community Food Centre\",\"headline\":\"Rencontre du comit\\u00e9 de justice sociale\",\"author\":{\"@id\":\"https:\\\/\\\/depotmtl.org\\\/fr\\\/author\\\/communications\\\/#author\"},\"publisher\":{\"@id\":\"https:\\\/\\\/depotmtl.org\\\/fr\\\/#organization\"},\"image\":{\"@type\":\"ImageObject\",\"url\":\"https:\\\/\\\/depotmtl.org\\\/wp-content\\\/uploads\\\/SCJ-FR-2.png\",\"width\":700,\"height\":500},\"datePublished\":\"2026-07-01T01:02:54+00:00\",\"dateModified\":\"2026-08-31T16:21:05+00:00\",\"inLanguage\":\"fr-FR\",\"mainEntityOfPage\":{\"@id\":\"https:\\\/\\\/depotmtl.org\\\/fr\\\/rencontres-comite-de-justice-sociale\\\/#webpage\"},\"isPartOf\":{\"@id\":\"https:\\\/\\\/depotmtl.org\\\/fr\\\/rencontres-comite-de-justice-sociale\\\/#webpage\"},\"articleSection\":\"Event, Mobiliser, Mobilize, Plaidoyer, Facultatif\"},{\"@type\":\"BreadcrumbList\",\"@id\":\"https:\\\/\\\/depotmtl.org\\\/fr\\\/rencontres-comite-de-justice-sociale\\\/#breadcrumblist\",\"itemListElement\":[{\"@type\":\"ListItem\",\"@id\":\"https:\\\/\\\/depotmtl.org\\\/fr\\\/#listItem\",\"position\":1,\"name\":\"Home\",\"item\":\"https:\\\/\\\/depotmtl.org\\\/fr\\\/\",\"nextItem\":{\"@type\":\"ListItem\",\"@id\":\"https:\\\/\\\/depotmtl.org\\\/fr\\\/category\\\/event\\\/#listItem\",\"name\":\"Event\"}},{\"@type\":\"ListItem\",\"@id\":\"https:\\\/\\\/depotmtl.org\\\/fr\\\/category\\\/event\\\/#listItem\",\"position\":2,\"name\":\"Event\",\"item\":\"https:\\\/\\\/depotmtl.org\\\/fr\\\/category\\\/event\\\/\",\"nextItem\":{\"@type\":\"ListItem\",\"@id\":\"https:\\\/\\\/depotmtl.org\\\/fr\\\/rencontres-comite-de-justice-sociale\\\/#listItem\",\"name\":\"Rencontre du comit\\u00e9 de justice sociale\"},\"previousItem\":{\"@type\":\"ListItem\",\"@id\":\"https:\\\/\\\/depotmtl.org\\\/fr\\\/#listItem\",\"name\":\"Home\"}},{\"@type\":\"ListItem\",\"@id\":\"https:\\\/\\\/depotmtl.org\\\/fr\\\/rencontres-comite-de-justice-sociale\\\/#listItem\",\"position\":3,\"name\":\"Rencontre du comit\\u00e9 de justice sociale\",\"previousItem\":{\"@type\":\"ListItem\",\"@id\":\"https:\\\/\\\/depotmtl.org\\\/fr\\\/category\\\/event\\\/#listItem\",\"name\":\"Event\"}}]},{\"@type\":\"Organization\",\"@id\":\"https:\\\/\\\/depotmtl.org\\\/fr\\\/#organization\",\"name\":\"Depot Community Food Centre\",\"url\":\"https:\\\/\\\/depotmtl.org\\\/fr\\\/\"},{\"@type\":\"Person\",\"@id\":\"https:\\\/\\\/depotmtl.org\\\/fr\\\/author\\\/communications\\\/#author\",\"url\":\"https:\\\/\\\/depotmtl.org\\\/fr\\\/author\\\/communications\\\/\",\"name\":\"communications\",\"image\":{\"@type\":\"ImageObject\",\"@id\":\"https:\\\/\\\/depotmtl.org\\\/fr\\\/rencontres-comite-de-justice-sociale\\\/#authorImage\",\"url\":\"https:\\\/\\\/secure.gravatar.com\\\/avatar\\\/1fb73f161724f64d9023eeed6337a840d323769d70c9820ee0122c977a36cd12?s=96&d=mm&r=g\",\"width\":96,\"height\":96,\"caption\":\"communications\"}},{\"@type\":\"WebPage\",\"@id\":\"https:\\\/\\\/depotmtl.org\\\/fr\\\/rencontres-comite-de-justice-sociale\\\/#webpage\",\"url\":\"https:\\\/\\\/depotmtl.org\\\/fr\\\/rencontres-comite-de-justice-sociale\\\/\",\"name\":\"Rencontre du comit\\u00e9 de justice sociale - Depot Community Food Centre\",\"description\":\"Le Comit\\u00e9 de justice sociale est un comit\\u00e9 citoyen ouvert \\u00e0 toutes et \\u00e0 tous, qui se r\\u00e9unit mensuellement pour explorer comment les in\\u00e9galit\\u00e9s se vivent \\u00e0 NDG et pour agir ensemble.\",\"inLanguage\":\"fr-FR\",\"isPartOf\":{\"@id\":\"https:\\\/\\\/depotmtl.org\\\/fr\\\/#website\"},\"breadcrumb\":{\"@id\":\"https:\\\/\\\/depotmtl.org\\\/fr\\\/rencontres-comite-de-justice-sociale\\\/#breadcrumblist\"},\"author\":{\"@id\":\"https:\\\/\\\/depotmtl.org\\\/fr\\\/author\\\/communications\\\/#author\"},\"creator\":{\"@id\":\"https:\\\/\\\/depotmtl.org\\\/fr\\\/author\\\/communications\\\/#author\"},\"image\":{\"@type\":\"ImageObject\",\"url\":\"https:\\\/\\\/depotmtl.org\\\/wp-content\\\/uploads\\\/SCJ-FR-2.png\",\"@id\":\"https:\\\/\\\/depotmtl.org\\\/fr\\\/rencontres-comite-de-justice-sociale\\\/#mainImage\",\"width\":700,\"height\":500},\"primaryImageOfPage\":{\"@id\":\"https:\\\/\\\/depotmtl.org\\\/fr\\\/rencontres-comite-de-justice-sociale\\\/#mainImage\"},\"datePublished\":\"2026-07-01T01:02:54+00:00\",\"dateModified\":\"2026-08-31T16:21:05+00:00\"},{\"@type\":\"WebSite\",\"@id\":\"https:\\\/\\\/depotmtl.org\\\/fr\\\/#website\",\"url\":\"https:\\\/\\\/depotmtl.org\\\/fr\\\/\",\"name\":\"Depot Community Food Centre\",\"inLanguage\":\"fr-FR\",\"publisher\":{\"@id\":\"https:\\\/\\\/depotmtl.org\\\/fr\\\/#organization\"}}]}\n\t\t<\/script>\n\t\t<!-- All in One SEO -->\n\n","aioseo_head_json":{"title":"Rencontre du comit\u00e9 de justice sociale - Depot Community Food Centre","description":"Le Comit\u00e9 de justice sociale est un comit\u00e9 citoyen ouvert \u00e0 toutes et \u00e0 tous, qui se r\u00e9unit mensuellement pour explorer comment les in\u00e9galit\u00e9s se vivent \u00e0 NDG et pour agir ensemble.","canonical_url":"https:\/\/depotmtl.org\/fr\/rencontres-comite-de-justice-sociale\/","robots":"max-image-preview:large","keywords":"","webmasterTools":{"miscellaneous":""},"schema":{"@context":"https:\/\/schema.org","@graph":[{"@type":"BlogPosting","@id":"https:\/\/depotmtl.org\/fr\/rencontres-comite-de-justice-sociale\/#blogposting","name":"Rencontre du comit\u00e9 de justice sociale - Depot Community Food Centre","headline":"Rencontre du comit\u00e9 de justice sociale","author":{"@id":"https:\/\/depotmtl.org\/fr\/author\/communications\/#author"},"publisher":{"@id":"https:\/\/depotmtl.org\/fr\/#organization"},"image":{"@type":"ImageObject","url":"https:\/\/depotmtl.org\/wp-content\/uploads\/SCJ-FR-2.png","width":700,"height":500},"datePublished":"2026-07-01T01:02:54+00:00","dateModified":"2026-08-31T16:21:05+00:00","inLanguage":"fr-FR","mainEntityOfPage":{"@id":"https:\/\/depotmtl.org\/fr\/rencontres-comite-de-justice-sociale\/#webpage"},"isPartOf":{"@id":"https:\/\/depotmtl.org\/fr\/rencontres-comite-de-justice-sociale\/#webpage"},"articleSection":"Event, Mobiliser, Mobilize, Plaidoyer, Facultatif"},{"@type":"BreadcrumbList","@id":"https:\/\/depotmtl.org\/fr\/rencontres-comite-de-justice-sociale\/#breadcrumblist","itemListElement":[{"@type":"ListItem","@id":"https:\/\/depotmtl.org\/fr\/#listItem","position":1,"name":"Home","item":"https:\/\/depotmtl.org\/fr\/","nextItem":{"@type":"ListItem","@id":"https:\/\/depotmtl.org\/fr\/category\/event\/#listItem","name":"Event"}},{"@type":"ListItem","@id":"https:\/\/depotmtl.org\/fr\/category\/event\/#listItem","position":2,"name":"Event","item":"https:\/\/depotmtl.org\/fr\/category\/event\/","nextItem":{"@type":"ListItem","@id":"https:\/\/depotmtl.org\/fr\/rencontres-comite-de-justice-sociale\/#listItem","name":"Rencontre du comit\u00e9 de justice sociale"},"previousItem":{"@type":"ListItem","@id":"https:\/\/depotmtl.org\/fr\/#listItem","name":"Home"}},{"@type":"ListItem","@id":"https:\/\/depotmtl.org\/fr\/rencontres-comite-de-justice-sociale\/#listItem","position":3,"name":"Rencontre du comit\u00e9 de justice sociale","previousItem":{"@type":"ListItem","@id":"https:\/\/depotmtl.org\/fr\/category\/event\/#listItem","name":"Event"}}]},{"@type":"Organization","@id":"https:\/\/depotmtl.org\/fr\/#organization","name":"Depot Community Food Centre","url":"https:\/\/depotmtl.org\/fr\/"},{"@type":"Person","@id":"https:\/\/depotmtl.org\/fr\/author\/communications\/#author","url":"https:\/\/depotmtl.org\/fr\/author\/communications\/","name":"communications","image":{"@type":"ImageObject","@id":"https:\/\/depotmtl.org\/fr\/rencontres-comite-de-justice-sociale\/#authorImage","url":"https:\/\/secure.gravatar.com\/avatar\/1fb73f161724f64d9023eeed6337a840d323769d70c9820ee0122c977a36cd12?s=96&d=mm&r=g","width":96,"height":96,"caption":"communications"}},{"@type":"WebPage","@id":"https:\/\/depotmtl.org\/fr\/rencontres-comite-de-justice-sociale\/#webpage","url":"https:\/\/depotmtl.org\/fr\/rencontres-comite-de-justice-sociale\/","name":"Rencontre du comit\u00e9 de justice sociale - Depot Community Food Centre","description":"Le Comit\u00e9 de justice sociale est un comit\u00e9 citoyen ouvert \u00e0 toutes et \u00e0 tous, qui se r\u00e9unit mensuellement pour explorer comment les in\u00e9galit\u00e9s se vivent \u00e0 NDG et pour agir ensemble.","inLanguage":"fr-FR","isPartOf":{"@id":"https:\/\/depotmtl.org\/fr\/#website"},"breadcrumb":{"@id":"https:\/\/depotmtl.org\/fr\/rencontres-comite-de-justice-sociale\/#breadcrumblist"},"author":{"@id":"https:\/\/depotmtl.org\/fr\/author\/communications\/#author"},"creator":{"@id":"https:\/\/depotmtl.org\/fr\/author\/communications\/#author"},"image":{"@type":"ImageObject","url":"https:\/\/depotmtl.org\/wp-content\/uploads\/SCJ-FR-2.png","@id":"https:\/\/depotmtl.org\/fr\/rencontres-comite-de-justice-sociale\/#mainImage","width":700,"height":500},"primaryImageOfPage":{"@id":"https:\/\/depotmtl.org\/fr\/rencontres-comite-de-justice-sociale\/#mainImage"},"datePublished":"2026-07-01T01:02:54+00:00","dateModified":"2026-08-31T16:21:05+00:00"},{"@type":"WebSite","@id":"https:\/\/depotmtl.org\/fr\/#website","url":"https:\/\/depotmtl.org\/fr\/","name":"Depot Community Food Centre","inLanguage":"fr-FR","publisher":{"@id":"https:\/\/depotmtl.org\/fr\/#organization"}}]},"og:locale":"fr_FR","og:site_name":"Depot Community Food Centre -","og:type":"article","og:title":"Rencontre du comit\u00e9 de justice sociale - Depot Community Food Centre","og:description":"Le Comit\u00e9 de justice sociale est un comit\u00e9 citoyen ouvert \u00e0 toutes et \u00e0 tous, qui se r\u00e9unit mensuellement pour explorer comment les in\u00e9galit\u00e9s se vivent \u00e0 NDG et pour agir ensemble.","og:url":"https:\/\/depotmtl.org\/fr\/rencontres-comite-de-justice-sociale\/","article:published_time":"2026-07-01T01:02:54+00:00","article:modified_time":"2026-08-31T16:21:05+00:00","twitter:card":"summary_large_image","twitter:title":"Rencontre du comit\u00e9 de justice sociale - Depot Community Food Centre","twitter:description":"Le Comit\u00e9 de justice sociale est un comit\u00e9 citoyen ouvert \u00e0 toutes et \u00e0 tous, qui se r\u00e9unit mensuellement pour explorer comment les in\u00e9galit\u00e9s se vivent \u00e0 NDG et pour agir ensemble."},"aioseo_meta_data":{"post_id":"7277","title":null,"description":null,"keywords":null,"keyphrases":{"focus":{"keyphrase":"justice","score":100,"analysis":{"keyphraseInTitle":{"score":9,"maxScore":9,"error":0},"keyphraseInDescription":{"score":9,"maxScore":9,"error":0},"keyphraseLength":{"score":9,"maxScore":9,"error":0,"length":1},"keyphraseInURL":{"score":5,"maxScore":5,"error":0},"keyphraseInIntroduction":{"score":9,"maxScore":9,"error":0},"keyphraseInSubHeadings":[],"keyphraseInImageAlt":[],"keywordDensity":{"type":"best","score":9,"maxScore":9,"error":0}}},"additional":[]},"primary_term":null,"canonical_url":null,"og_title":null,"og_description":null,"og_object_type":"default","og_image_type":"default","og_image_url":null,"og_image_width":null,"og_image_height":null,"og_image_custom_url":null,"og_image_custom_fields":null,"og_video":"","og_custom_url":null,"og_article_section":null,"og_article_tags":null,"twitter_use_og":false,"twitter_card":"default","twitter_image_type":"default","twitter_image_url":null,"twitter_image_custom_url":null,"twitter_image_custom_fields":null,"twitter_title":null,"twitter_description":null,"schema":{"blockGraphs":[],"customGraphs":[],"default":{"data":{"Article":[],"Course":[],"Dataset":[],"FAQPage":[],"Movie":[],"Person":[],"Product":[],"ProductReview":[],"Car":[],"Recipe":[],"Service":[],"SoftwareApplication":[],"WebPage":[]},"graphName":"BlogPosting","isEnabled":true},"graphs":[]},"schema_type":"default","schema_type_options":null,"pillar_content":false,"robots_default":true,"robots_noindex":false,"robots_noarchive":false,"robots_nosnippet":false,"robots_nofollow":false,"robots_noimageindex":false,"robots_noodp":false,"robots_notranslate":false,"robots_max_snippet":"-1","robots_max_videopreview":"-1","robots_max_imagepreview":"large","priority":null,"frequency":"default","local_seo":null,"breadcrumb_settings":null,"limit_modified_date":false,"ai":{"faqs":[],"keyPoints":[],"schemas":[],"titles":[],"descriptions":[],"socialPosts":{"email":{"subject":"","preview":"","content":""},"linkedin":[],"twitter":[],"facebook":[],"instagram":[]}},"created":"2026-07-01 01:04:59","updated":"2026-08-31 17:41:37","seo_analyzer_scan_date":null,"focus_keyword":"justice","additional_keywords":null,"truseo_locale":null},"aioseo_breadcrumb":"<div class=\"aioseo-breadcrumbs\"><span class=\"aioseo-breadcrumb\">\n\t\t\t<a href=\"https:\/\/depotmtl.org\/fr\/\" title=\"Home\">Home<\/a>\n\t\t<\/span><span class=\"aioseo-breadcrumb-separator\">&raquo;<\/span><span class=\"aioseo-breadcrumb\">\n\t\t\t<a href=\"https:\/\/depotmtl.org\/fr\/category\/event\/\" title=\"Event\">Event<\/a>\n\t\t<\/span><span class=\"aioseo-breadcrumb-separator\">&raquo;<\/span><span class=\"aioseo-breadcrumb\">\n\t\t\tRencontre du comit\u00e9 de justice sociale\n\t\t<\/span><\/div>","aioseo_breadcrumb_json":[{"label":"Home","link":"https:\/\/depotmtl.org\/fr\/"},{"label":"Event","link":"https:\/\/depotmtl.org\/fr\/category\/event\/"},{"label":"Rencontre du comit\u00e9 de justice sociale","link":"https:\/\/depotmtl.org\/fr\/rencontres-comite-de-justice-sociale\/"}],"publishpress_future_action":{"enabled":true,"date":"2026-09-23 18:00:00","action":"change-status","newStatus":"draft","terms":[0],"taxonomy":"category","extraData":[]},"publishpress_future_workflow_manual_trigger":{"enabledWorkflows":[]},"_links":{"self":[{"href":"https:\/\/depotmtl.org\/fr\/wp-json\/wp\/v2\/posts\/7277","targetHints":{"allow":["GET"]}}],"collection":[{"href":"https:\/\/depotmtl.org\/fr\/wp-json\/wp\/v2\/posts"}],"about":[{"href":"https:\/\/depotmtl.org\/fr\/wp-json\/wp\/v2\/types\/post"}],"author":[{"embeddable":true,"href":"https:\/\/depotmtl.org\/fr\/wp-json\/wp\/v2\/users\/6"}],"replies":[{"embeddable":true,"href":"https:\/\/depotmtl.org\/fr\/wp-json\/wp\/v2\/comments?post=7277"}],"version-history":[{"count":8,"href":"https:\/\/depotmtl.org\/fr\/wp-json\/wp\/v2\/posts\/7277\/revisions"}],"predecessor-version":[{"id":8386,"href":"https:\/\/depotmtl.org\/fr\/wp-json\/wp\/v2\/posts\/7277\/revisions\/8386"}],"wp:featuredmedia":[{"embeddable":true,"href":"https:\/\/depotmtl.org\/fr\/wp-json\/wp\/v2\/media\/8387"}],"wp:attachment":[{"href":"https:\/\/depotmtl.org\/fr\/wp-json\/wp\/v2\/media?parent=7277"}],"wp:term":[{"taxonomy":"category","embeddable":true,"href":"https:\/\/depotmtl.org\/fr\/wp-json\/wp\/v2\/categories?post=7277"},{"taxonomy":"post_tag","embeddable":true,"href":"https:\/\/depotmtl.org\/fr\/wp-json\/wp\/v2\/tags?post=7277"}],"curies":[{"name":"wp","href":"https:\/\/api.w.org\/{rel}","templated":true}]}}